{"id":10369,"date":"2014-06-17T23:00:54","date_gmt":"2014-06-18T03:00:54","guid":{"rendered":"http:\/\/pontscouverts.com\/blogue\/?p=10369"},"modified":"2014-06-17T08:26:05","modified_gmt":"2014-06-17T12:26:05","slug":"retour-sur-le-rassemblement-de-dimanche-au-pont-levasseur","status":"publish","type":"post","link":"https:\/\/pontscouverts.com\/blogue\/2014\/06\/17\/retour-sur-le-rassemblement-de-dimanche-au-pont-levasseur\/","title":{"rendered":"Retour sur le rassemblement de dimanche au pont Levasseur"},"content":{"rendered":"<div id=\"attachment_10370\" style=\"width: 660px\" class=\"wp-caption aligncenter\"><a href=\"http:\/\/pontscouverts.com\/blogue\/wp-content\/uploads\/2014\/06\/0-61-02-37-authier-nord-2014-G\u00e9rald-Arbour-N5.jpg\"><img aria-describedby=\"caption-attachment-10370\" loading=\"lazy\" class=\"wp-image-10370\" src=\"http:\/\/pontscouverts.com\/blogue\/wp-content\/uploads\/2014\/06\/0-61-02-37-authier-nord-2014-G\u00e9rald-Arbour-N5.jpg\" alt=\"0 61-02-37  authier-nord 2014 G\u00e9rald Arbour N5\" width=\"650\" height=\"488\" srcset=\"https:\/\/pontscouverts.com\/blogue\/wp-content\/uploads\/2014\/06\/0-61-02-37-authier-nord-2014-G\u00e9rald-Arbour-N5.jpg 968w, https:\/\/pontscouverts.com\/blogue\/wp-content\/uploads\/2014\/06\/0-61-02-37-authier-nord-2014-G\u00e9rald-Arbour-N5-e1620994119490-150x113.jpg 150w, https:\/\/pontscouverts.com\/blogue\/wp-content\/uploads\/2014\/06\/0-61-02-37-authier-nord-2014-G\u00e9rald-Arbour-N5-300x225.jpg 300w\" sizes=\"(max-width: 650px) 100vw, 650px\" \/><\/a><p id=\"caption-attachment-10370\" class=\"wp-caption-text\">Photo : G\u00e9rald Arbour<\/p><\/div>\n<p style=\"text-align: justify;\"><span style=\"color: #000000;\">C&rsquo;est dimanche dernier que s&rsquo;est d\u00e9roul\u00e9 le grand rassemblement au <span style=\"color: #0000ff;\"><a href=\"http:\/\/www.pontscouverts.com\/Pontscouverts1\/Levasseur.html\"><span style=\"color: #0000ff;\">pont Levasseur<\/span><\/a><\/span>. La population \u00e9tait invit\u00e9e \u00e0 protester contre la fermeture du pont couvert qui dure depuis d\u00e9j\u00e0 trop longtemps. Ce mouvement initi\u00e9 par Gilles Bergeron, citoyen d&rsquo;Authier-Nord, a su rassembler pr\u00e8s de 75 personnes. G\u00e9rald Arbour s&rsquo;est rendu sur place pour participer \u00e0 cet \u00e9v\u00e9nement.\u00a0Il partage avec nous quelques photos de ce rassemblement historique. Merci beaucoup&#8230;<\/span><\/p>\n<p><!--more Lire la suite--><\/p>\n<p><span style=\"color: #ffffff;\">.<\/span><\/p>\n<div id=\"attachment_10372\" style=\"width: 660px\" class=\"wp-caption aligncenter\"><a href=\"http:\/\/pontscouverts.com\/blogue\/wp-content\/uploads\/2014\/06\/0-61-02-37-authier-nord-2014-G\u00e9rald-Arbour-N3.jpg\"><img aria-describedby=\"caption-attachment-10372\" loading=\"lazy\" class=\"wp-image-10372\" src=\"http:\/\/pontscouverts.com\/blogue\/wp-content\/uploads\/2014\/06\/0-61-02-37-authier-nord-2014-G\u00e9rald-Arbour-N3-1024x768.jpg\" alt=\"0 61-02-37  authier-nord 2014 G\u00e9rald Arbour N3\" width=\"650\" height=\"488\" srcset=\"https:\/\/pontscouverts.com\/blogue\/wp-content\/uploads\/2014\/06\/0-61-02-37-authier-nord-2014-G\u00e9rald-Arbour-N3-1024x768.jpg 1024w, https:\/\/pontscouverts.com\/blogue\/wp-content\/uploads\/2014\/06\/0-61-02-37-authier-nord-2014-G\u00e9rald-Arbour-N3-e1620994131303-150x113.jpg 150w, https:\/\/pontscouverts.com\/blogue\/wp-content\/uploads\/2014\/06\/0-61-02-37-authier-nord-2014-G\u00e9rald-Arbour-N3-300x225.jpg 300w, https:\/\/pontscouverts.com\/blogue\/wp-content\/uploads\/2014\/06\/0-61-02-37-authier-nord-2014-G\u00e9rald-Arbour-N3.jpg 1244w\" sizes=\"(max-width: 650px) 100vw, 650px\" \/><\/a><p id=\"caption-attachment-10372\" class=\"wp-caption-text\">Photo : G\u00e9rald Arbour<\/p><\/div>\n<p style=\"text-align: justify;\"><span style=\"color: #000000;\">\u00c0 gauche : Alain Gagnon, maire d&rsquo;Authier-Nord. Au centre : Gilles Bergeron, l&rsquo;organisateur du rassemblement et l&rsquo;initiateur de la p\u00e9tition. \u00c0 droite : Fran\u00e7ois Gendron, d\u00e9put\u00e9. Ils prennent connaissance des photos qui montrent les dommages structuraux qui motivent la fermeture.<\/span><\/p>\n<p style=\"text-align: justify;\"><span style=\"color: #000000;\">Pour compl\u00e9ter ce billet, voici les photos prises par G\u00e9rald ainsi qu&rsquo;un article publi\u00e9 dans <em>La Fronti\u00e8re<\/em>.<\/span><\/p>\n<p style=\"text-align: justify;\"><span style=\"color: #ffffff;\">.<\/span><\/p>\n\n\t\t<style type=\"text\/css\">\n\t\t\t#gallery-1 {\n\t\t\t\tmargin: auto;\n\t\t\t}\n\t\t\t#gallery-1 .gallery-item {\n\t\t\t\tfloat: left;\n\t\t\t\tmargin-top: 10px;\n\t\t\t\ttext-align: center;\n\t\t\t\twidth: 33%;\n\t\t\t}\n\t\t\t#gallery-1 img {\n\t\t\t\tborder: 2px solid #cfcfcf;\n\t\t\t}\n\t\t\t#gallery-1 .gallery-caption {\n\t\t\t\tmargin-left: 0;\n\t\t\t}\n\t\t\t\/* see gallery_shortcode() in wp-includes\/media.php *\/\n\t\t<\/style>\n\t\t<div id='gallery-1' class='gallery galleryid-10369 gallery-columns-3 gallery-size-thumbnail'><dl class='gallery-item'>\n\t\t\t<dt class='gallery-icon landscape'>\n\t\t\t\t<a href='https:\/\/pontscouverts.com\/blogue\/wp-content\/uploads\/2014\/06\/0-61-02-37-authier-nord-2014-G\u00e9rald-Arbour-N1.jpg'><img width=\"150\" height=\"112\" src=\"https:\/\/pontscouverts.com\/blogue\/wp-content\/uploads\/2014\/06\/0-61-02-37-authier-nord-2014-G\u00e9rald-Arbour-N1-e1403006391502-150x112.jpg\" class=\"attachment-thumbnail size-thumbnail\" alt=\"\" loading=\"lazy\" aria-describedby=\"gallery-1-10373\" \/><\/a>\n\t\t\t<\/dt>\n\t\t\t\t<dd class='wp-caption-text gallery-caption' id='gallery-1-10373'>\n\t\t\t\tG\u00e9rald Arbour Juin 2014\n\t\t\t\t<\/dd><\/dl><dl class='gallery-item'>\n\t\t\t<dt class='gallery-icon landscape'>\n\t\t\t\t<a href='https:\/\/pontscouverts.com\/blogue\/wp-content\/uploads\/2014\/06\/0-61-02-37-authier-nord-2014-G\u00e9rald-Arbour-N6.jpg'><img width=\"150\" height=\"113\" src=\"https:\/\/pontscouverts.com\/blogue\/wp-content\/uploads\/2014\/06\/0-61-02-37-authier-nord-2014-G\u00e9rald-Arbour-N6-e1403006412515-150x113.jpg\" class=\"attachment-thumbnail size-thumbnail\" alt=\"\" loading=\"lazy\" aria-describedby=\"gallery-1-10376\" \/><\/a>\n\t\t\t<\/dt>\n\t\t\t\t<dd class='wp-caption-text gallery-caption' id='gallery-1-10376'>\n\t\t\t\tG\u00e9rald Arbour Juin 2014\n\t\t\t\t<\/dd><\/dl><dl class='gallery-item'>\n\t\t\t<dt class='gallery-icon landscape'>\n\t\t\t\t<a href='https:\/\/pontscouverts.com\/blogue\/wp-content\/uploads\/2014\/06\/0-61-02-37-authier-nord-2014-G\u00e9rald-Arbour-N4.jpg'><img width=\"150\" height=\"112\" src=\"https:\/\/pontscouverts.com\/blogue\/wp-content\/uploads\/2014\/06\/0-61-02-37-authier-nord-2014-G\u00e9rald-Arbour-N4-e1403006425445-150x112.jpg\" class=\"attachment-thumbnail size-thumbnail\" alt=\"\" loading=\"lazy\" aria-describedby=\"gallery-1-10375\" \/><\/a>\n\t\t\t<\/dt>\n\t\t\t\t<dd class='wp-caption-text gallery-caption' id='gallery-1-10375'>\n\t\t\t\tG\u00e9rald Arbour Juin 2014\n\t\t\t\t<\/dd><\/dl><br style=\"clear: both\" \/><dl class='gallery-item'>\n\t\t\t<dt class='gallery-icon landscape'>\n\t\t\t\t<a href='https:\/\/pontscouverts.com\/blogue\/wp-content\/uploads\/2014\/06\/0-61-02-37-authier-nord-2014-G\u00e9rald-Arbour-N7.jpg'><img width=\"150\" height=\"111\" src=\"https:\/\/pontscouverts.com\/blogue\/wp-content\/uploads\/2014\/06\/0-61-02-37-authier-nord-2014-G\u00e9rald-Arbour-N7-e1403006438893-150x111.jpg\" class=\"attachment-thumbnail size-thumbnail\" alt=\"\" loading=\"lazy\" aria-describedby=\"gallery-1-10377\" \/><\/a>\n\t\t\t<\/dt>\n\t\t\t\t<dd class='wp-caption-text gallery-caption' id='gallery-1-10377'>\n\t\t\t\tG\u00e9rald Arbour Juin 2014\n\t\t\t\t<\/dd><\/dl><dl class='gallery-item'>\n\t\t\t<dt class='gallery-icon landscape'>\n\t\t\t\t<a href='https:\/\/pontscouverts.com\/blogue\/wp-content\/uploads\/2014\/06\/0-61-02-37-authier-nord-2014-G\u00e9rald-Arbour-N2.jpg'><img width=\"150\" height=\"112\" src=\"https:\/\/pontscouverts.com\/blogue\/wp-content\/uploads\/2014\/06\/0-61-02-37-authier-nord-2014-G\u00e9rald-Arbour-N2-e1403006451151-150x112.jpg\" class=\"attachment-thumbnail size-thumbnail\" alt=\"\" loading=\"lazy\" aria-describedby=\"gallery-1-10374\" \/><\/a>\n\t\t\t<\/dt>\n\t\t\t\t<dd class='wp-caption-text gallery-caption' id='gallery-1-10374'>\n\t\t\t\tG\u00e9rald Arbour Juin 2014\n\t\t\t\t<\/dd><\/dl>\n\t\t\t<br style='clear: both' \/>\n\t\t<\/div>\n\n<h2 class=\"storyTitle\">Ils ont manifest\u00e9 pour sauvegarder leur pont<\/h2>\n<p style=\"color: #333333;\"><strong><span class=\"placeline\">par Anne Blondin<\/span><\/strong><\/p>\n<p style=\"color: #333333; text-align: justify;\"><span style=\"color: #000000;\"><span class=\"placeline\">LA SARRE\u00a0&#8211;\u00a0<\/span><strong>Les habitants d\u2019Authier-Nord veulent la r\u00e9ouverture de leur pont couvert qui est ferm\u00e9 depuis 2011 et ils sont pr\u00eats \u00e0 prendre les grands moyens pour y parvenir<\/strong>.<\/span><\/p>\n<p style=\"color: #333333; text-align: justify;\"><span style=\"color: #000000;\">Plus de cinquante personnes se sont r\u00e9unies au pont couvert pour plaider en faveur de sa r\u00e9ouverture. Gilles Bergeron a entrepris les d\u00e9marches pour que ce morceau du patrimoine de la municipalit\u00e9 retrouve son lustre d\u2019antan. \u00abC\u2019est un vrai tr\u00e9sor que nous avons chez nous\u00bb, a-t-il comment\u00e9. \u00abLa municipalit\u00e9 d\u2019Authier-Nord va f\u00eater ses 100 ans en 2022 et je souhaite que notre pont couvert soit \u00e0 nouveau accessible pour l\u2019occasion.\u00bb<\/span><\/p>\n<p style=\"color: #333333; text-align: justify;\"><span style=\"color: #000000;\">Le d\u00e9put\u00e9 de la circonscription de l\u2019Abiti-Ouest, Fran\u00e7ois Gendron, a re\u00e7u du maire Alain Gagnon une p\u00e9tition de 900 noms demandant la r\u00e9fection du pont. Des gens d\u2019un peu partout dans la r\u00e9gion et m\u00eame des \u00c9tats-Unis ont sign\u00e9 la p\u00e9tition. \u00abJe vais faire tout ce qui est en mon pouvoir pour conna\u00eetre les raisons de la fermeture du pont couvert\u00bb, a dit M.Gendron aux gens assembl\u00e9s pour la manifestation. \u00abJe veux m\u2019assurer que toutes les alternatives soient \u00e9tudi\u00e9es comme le fait de l\u2019ouvrir uniquement pour les pi\u00e9tons.\u00bb<\/span><\/p>\n<div id=\"attachment_10380\" style=\"width: 660px\" class=\"wp-caption aligncenter\"><a href=\"http:\/\/pontscouverts.com\/blogue\/wp-content\/uploads\/2014\/06\/1310919928742_ORIGINAL.jpg\"><img aria-describedby=\"caption-attachment-10380\" loading=\"lazy\" class=\"wp-image-10380 size-full\" src=\"http:\/\/pontscouverts.com\/blogue\/wp-content\/uploads\/2014\/06\/1310919928742_ORIGINAL.jpg\" alt=\"1310919928742_ORIGINAL\" width=\"650\" height=\"452\" srcset=\"https:\/\/pontscouverts.com\/blogue\/wp-content\/uploads\/2014\/06\/1310919928742_ORIGINAL.jpg 650w, https:\/\/pontscouverts.com\/blogue\/wp-content\/uploads\/2014\/06\/1310919928742_ORIGINAL-e1620994142684-150x104.jpg 150w, https:\/\/pontscouverts.com\/blogue\/wp-content\/uploads\/2014\/06\/1310919928742_ORIGINAL-300x208.jpg 300w\" sizes=\"(max-width: 650px) 100vw, 650px\" \/><\/a><p id=\"caption-attachment-10380\" class=\"wp-caption-text\">Photo : Anne Blondin<\/p><\/div>\n<p style=\"color: #333333; text-align: justify;\"><span style=\"color: #000000;\">\u00abNous voulons sa r\u00e9ouverture puisqu\u2019il s\u2019agit de notre patrimoine\u00bb a fait savoir le maire Gagnon. \u00abNous voulons que le minist\u00e8re des Transports agisse. Cela fait trois ans que nous n\u2019avons pas de r\u00e9ponse. S\u2019il le faut, la municipalit\u00e9 est pr\u00eate \u00e0 faire les d\u00e9marches pour acqu\u00e9rir le pont et faire les travaux n\u00e9cessaires.\u00bb<\/span><\/p>\n<p style=\"color: #333333; text-align: justify;\"><span style=\"color: #000000;\"><strong>Municipalit\u00e9 coup\u00e9e en deux<\/strong><\/span><\/p>\n<p style=\"color: #333333; text-align: justify;\"><span style=\"color: #000000;\">Cela a caus\u00e9 de s\u00e9rieux maux de t\u00eate aux r\u00e9sidants dont Carole B\u00e9dard. Avec son mari, elle poss\u00e8de des terres qui sont s\u00e9par\u00e9es par la rivi\u00e8re. \u00c9tant voisine du pont, il \u00e9tait tr\u00e8s facile pour son mari et elle de circuler entre les deux parties de ses terres en utilisant le pont couvert. Mis \u00e0 part cet inconv\u00e9nient, elle a surtout parl\u00e9 de l\u2019isolement de certains Authiernordois.<\/span><\/p>\n<p style=\"color: #333333; text-align: justify;\"><span style=\"color: #000000;\">\u00abMon beau-p\u00e8re habite tout juste l\u2019autre c\u00f4t\u00e9 du pont et il venait r\u00e9guli\u00e8rement nous visiter lorsque le pont \u00e9tait encore ouvert\u00bb a expliqu\u00e9 Mme B\u00e9dard. \u00abMaintenant, il ne peut plus le faire et il se sent isol\u00e9. Il y a moins de circulations devant chez lui et il se sent seul dans son rang. Je suis convaincu qu\u2019il n\u2019est pas le seul dans cette situation, mais cela n\u2019a pas d\u2019importance pour le minist\u00e8re.\u00bb<\/span><\/p>\n<p style=\"color: #333333; text-align: justify;\"><span style=\"color: #000000;\"><strong>Version du MTQ<\/strong><\/span><\/p>\n<p style=\"color: #333333; text-align: justify;\"><span style=\"color: #000000;\">Le minist\u00e8re des Transports a bloqu\u00e9 l\u2019acc\u00e8s au pont en ao\u00fbt 2011 apr\u00e8s qu\u2019une inspection ait r\u00e9v\u00e9l\u00e9 une fissure dans un des madriers porteurs du pont. \u00abLe minist\u00e8re a pris cette d\u00e9cision pour prot\u00e9ger le public\u00bb, a indiqu\u00e9 Luc Adam le conseiller en communication du minist\u00e8re des Transports. \u00abLes co\u00fbts pour faire les travaux n\u00e9cessaires sont \u00e9lev\u00e9s. La meilleure fa\u00e7on de prot\u00e9ger le pont pour l\u2019instant est d\u2019\u00e9viter toute circulation sur celui-ci.\u00bb<\/span><\/p>\n<p style=\"color: #333333; text-align: justify;\"><span style=\"color: #000000;\">Luc Adam a expliqu\u00e9 que la situation du pont couvert d\u2019Authier-Nord n\u2019\u00e9tait pas dans les priorit\u00e9s du minist\u00e8re en ce moment puisque les r\u00e9sidants pouvaient tout de m\u00eame se d\u00e9placer dans la municipalit\u00e9 sans avoir \u00e0 faire de grands d\u00e9tours<\/span><\/p>\n<p style=\"color: #333333; text-align: justify;\">Source : <span style=\"color: #0000ff;\"><a href=\"http:\/\/www.lafrontiere.ca\/2014\/06\/15\/ils-ont-manifeste-pour-sauvegarder-leur-pont\" target=\"_blank\"><span style=\"color: #0000ff;\">www.lafrontiere.ca<\/span><\/a><\/span><\/p>\n<p style=\"color: #333333; text-align: justify;\"><span style=\"color: #ffffff;\">.<\/span><\/p>\n","protected":false},"excerpt":{"rendered":"<p>C&rsquo;est dimanche dernier que s&rsquo;est d\u00e9roul\u00e9 le grand rassemblement au pont Levasseur. La population \u00e9tait invit\u00e9e \u00e0 protester contre la fermeture du pont couvert qui dure depuis d\u00e9j\u00e0 trop longtemps. Ce mouvement initi\u00e9 par Gilles Bergeron, citoyen d&rsquo;Authier-Nord, a su rassembler pr\u00e8s de 75 personnes. G\u00e9rald Arbour s&rsquo;est rendu sur place pour participer \u00e0 cet [&hellip;]<\/p>\n","protected":false},"author":1,"featured_media":0,"comment_status":"open","ping_status":"open","sticky":false,"template":"","format":"standard","meta":[],"categories":[3],"tags":[],"_links":{"self":[{"href":"https:\/\/pontscouverts.com\/blogue\/wp-json\/wp\/v2\/posts\/10369"}],"collection":[{"href":"https:\/\/pontscouverts.com\/blogue\/wp-json\/wp\/v2\/posts"}],"about":[{"href":"https:\/\/pontscouverts.com\/blogue\/wp-json\/wp\/v2\/types\/post"}],"author":[{"embeddable":true,"href":"https:\/\/pontscouverts.com\/blogue\/wp-json\/wp\/v2\/users\/1"}],"replies":[{"embeddable":true,"href":"https:\/\/pontscouverts.com\/blogue\/wp-json\/wp\/v2\/comments?post=10369"}],"version-history":[{"count":11,"href":"https:\/\/pontscouverts.com\/blogue\/wp-json\/wp\/v2\/posts\/10369\/revisions"}],"predecessor-version":[{"id":10388,"href":"https:\/\/pontscouverts.com\/blogue\/wp-json\/wp\/v2\/posts\/10369\/revisions\/10388"}],"wp:attachment":[{"href":"https:\/\/pontscouverts.com\/blogue\/wp-json\/wp\/v2\/media?parent=10369"}],"wp:term":[{"taxonomy":"category","embeddable":true,"href":"https:\/\/pontscouverts.com\/blogue\/wp-json\/wp\/v2\/categories?post=10369"},{"taxonomy":"post_tag","embeddable":true,"href":"https:\/\/pontscouverts.com\/blogue\/wp-json\/wp\/v2\/tags?post=10369"}],"curies":[{"name":"wp","href":"https:\/\/api.w.org\/{rel}","templated":true}]}}